{"id":11,"date":"2026-08-31T15:48:58","date_gmt":"2026-08-31T15:48:58","guid":{"rendered":"https:\/\/taksigazetesi.com\/?p=11"},"modified":"2026-08-31T15:48:58","modified_gmt":"2026-08-31T15:48:58","slug":"odadan-net-aciklama-yeni-taksiye-gerek-yok","status":"publish","type":"post","link":"https:\/\/taksigazetesi.com\/?p=11","title":{"rendered":"Oda\u2019dan Net A\u00e7\u0131klama: Yeni Taksiye Gerek Yok!"},"content":{"rendered":"<p>\u0130zmir\u2019de Yeni Taksiye \u0130htiya\u00e7 Yok \u0130zmir B\u00fcy\u00fck\u015fehir Belediyesi\u2019nin, T ve S plaka ihale talebi, 15 Ocak\u2019ta ger\u00e7ekle\u015fen UKOME toplant\u0131s\u0131nda reddedilmi\u015fti.<\/p>\n<p><strong>Kaynak:<\/strong> \u0130zmir \u015eof\u00f6rler ve Otomobilciler Esnaf Odas\u0131<\/p>\n<p><a href=\"https:\/\/izsofoda.org.tr\/odadan-net-aciklama-yeni-taksiye-gerek-yok\/\" target=\"_blank\" rel=\"nofollow noopener\">Haberin orijinal kayna\u011f\u0131na git<\/a><\/p>\n","protected":false},"excerpt":{"rendered":"<p>\u0130zmir\u2019de Yeni Taksiye \u0130htiya\u00e7 Yok \u0130zmir B\u00fcy\u00fck\u015fehir Belediyesi\u2019nin, T ve S plaka ihale talebi, 15 Ocak\u2019ta ger\u00e7ekle\u015fen UKOME toplant\u0131s\u0131nda reddedilmi\u015fti.<\/p>\n","protected":false},"author":1,"featured_media":0,"comment_status":"open","ping_status":"open","sticky":false,"template":"","format":"standard","meta":{"footnotes":""},"categories":[14,3,2],"tags":[],"class_list":["post-11","post","type-post","status-publish","format-standard","hentry","category-belediye-ve-ukome","category-izmir-taksi","category-taksi-haberleri"],"_links":{"self":[{"href":"https:\/\/taksigazetesi.com\/index.php?rest_route=\/wp\/v2\/posts\/11","targetHints":{"allow":["GET"]}}],"collection":[{"href":"https:\/\/taksigazetesi.com\/index.php?rest_route=\/wp\/v2\/posts"}],"about":[{"href":"https:\/\/taksigazetesi.com\/index.php?rest_route=\/wp\/v2\/types\/post"}],"author":[{"embeddable":true,"href":"https:\/\/taksigazetesi.com\/index.php?rest_route=\/wp\/v2\/users\/1"}],"replies":[{"embeddable":true,"href":"https:\/\/taksigazetesi.com\/index.php?rest_route=%2Fwp%2Fv2%2Fcomments&post=11"}],"version-history":[{"count":0,"href":"https:\/\/taksigazetesi.com\/index.php?rest_route=\/wp\/v2\/posts\/11\/revisions"}],"wp:attachment":[{"href":"https:\/\/taksigazetesi.com\/index.php?rest_route=%2Fwp%2Fv2%2Fmedia&parent=11"}],"wp:term":[{"taxonomy":"category","embeddable":true,"href":"https:\/\/taksigazetesi.com\/index.php?rest_route=%2Fwp%2Fv2%2Fcategories&post=11"},{"taxonomy":"post_tag","embeddable":true,"href":"https:\/\/taksigazetesi.com\/index.php?rest_route=%2Fwp%2Fv2%2Ftags&post=11"}],"curies":[{"name":"wp","href":"https:\/\/api.w.org\/{rel}","templated":true}]}}