{"id":110,"date":"2026-08-31T16:00:20","date_gmt":"2026-08-31T16:00:20","guid":{"rendered":"https:\/\/taksigazetesi.com\/?p=110"},"modified":"2026-08-31T16:00:20","modified_gmt":"2026-08-31T16:00:20","slug":"baskan-sarikurt-taksici-esnafi-ile-bir-araya-geldi-tekirdag-yeni-haber-gazetesi-2","status":"publish","type":"post","link":"https:\/\/taksigazetesi.com\/?p=110","title":{"rendered":"Ba\u015fkan Sar\u0131kurt, Taksici Esnaf\u0131 ile Bir Araya Geldi &#8211; Tekirda\u011f Yeni Haber Gazetesi"},"content":{"rendered":"<p>Ba\u015fkan Sar\u0131kurt, Taksici Esnaf\u0131 ile Bir Araya Geldi Tekirda\u011f Yeni Haber Gazetesi<\/p>\n<p><strong>Kaynak:<\/strong> Tekirda\u011f Yeni Haber Gazetesi<\/p>\n<p><a href=\"https:\/\/news.google.com\/rss\/articles\/CBMilwFBVV95cUxNMWplcHhuRFQ3WlNaMkFXZmNtTDZnZEsxVGFtQ2ZlV1dUd1MwNEI3Wm9VdktBS3JwdnA1R3hXdlRmNTdLNDI4Z0s5SXE0Q0hxUWxvSFBxYUJWUUxnenViNU4ycmIxTFlXWHdrUFVjR1huYnBJS3czWjFjWF94b0tEZ3VKUFRPcFhwT3p2ZlAtY2NTZ1hxLWpv\" target=\"_blank\" rel=\"nofollow noopener\">Haberin orijinal kayna\u011f\u0131na git<\/a><\/p>\n","protected":false},"excerpt":{"rendered":"<p>Ba\u015fkan Sar\u0131kurt, Taksici Esnaf\u0131 ile Bir Araya Geldi Tekirda\u011f Yeni Haber Gazetesi<\/p>\n","protected":false},"author":1,"featured_media":111,"comment_status":"open","ping_status":"open","sticky":false,"template":"","format":"standard","meta":{"footnotes":""},"categories":[2,20],"tags":[],"class_list":["post-110","post","type-post","status-publish","format-standard","has-post-thumbnail","hentry","category-taksi-haberleri","category-tekirdag-taksi"],"_links":{"self":[{"href":"https:\/\/taksigazetesi.com\/index.php?rest_route=\/wp\/v2\/posts\/110","targetHints":{"allow":["GET"]}}],"collection":[{"href":"https:\/\/taksigazetesi.com\/index.php?rest_route=\/wp\/v2\/posts"}],"about":[{"href":"https:\/\/taksigazetesi.com\/index.php?rest_route=\/wp\/v2\/types\/post"}],"author":[{"embeddable":true,"href":"https:\/\/taksigazetesi.com\/index.php?rest_route=\/wp\/v2\/users\/1"}],"replies":[{"embeddable":true,"href":"https:\/\/taksigazetesi.com\/index.php?rest_route=%2Fwp%2Fv2%2Fcomments&post=110"}],"version-history":[{"count":0,"href":"https:\/\/taksigazetesi.com\/index.php?rest_route=\/wp\/v2\/posts\/110\/revisions"}],"wp:featuredmedia":[{"embeddable":true,"href":"https:\/\/taksigazetesi.com\/index.php?rest_route=\/wp\/v2\/media\/111"}],"wp:attachment":[{"href":"https:\/\/taksigazetesi.com\/index.php?rest_route=%2Fwp%2Fv2%2Fmedia&parent=110"}],"wp:term":[{"taxonomy":"category","embeddable":true,"href":"https:\/\/taksigazetesi.com\/index.php?rest_route=%2Fwp%2Fv2%2Fcategories&post=110"},{"taxonomy":"post_tag","embeddable":true,"href":"https:\/\/taksigazetesi.com\/index.php?rest_route=%2Fwp%2Fv2%2Ftags&post=110"}],"curies":[{"name":"wp","href":"https:\/\/api.w.org\/{rel}","templated":true}]}}