{"id":116,"date":"2026-08-31T16:00:24","date_gmt":"2026-08-31T16:00:24","guid":{"rendered":"https:\/\/taksigazetesi.com\/?p=116"},"modified":"2026-08-31T16:00:24","modified_gmt":"2026-08-31T16:00:24","slug":"izmirde-taksi-esnafina-silahli-tehdit-iddiasi-supheli-gozaltina-alindi-medya-ege-2","status":"publish","type":"post","link":"https:\/\/taksigazetesi.com\/?p=116","title":{"rendered":"\u0130zmir\u2019de taksi esnaf\u0131na silahl\u0131 tehdit iddias\u0131: \u015e\u00fcpheli g\u00f6zalt\u0131na al\u0131nd\u0131 &#8211; Medya Ege"},"content":{"rendered":"<p>\u0130zmir\u2019de taksi esnaf\u0131na silahl\u0131 tehdit iddias\u0131: \u015e\u00fcpheli g\u00f6zalt\u0131na al\u0131nd\u0131 Medya Ege<\/p>\n<p><strong>Kaynak:<\/strong> Medya Ege<\/p>\n<p><a href=\"https:\/\/news.google.com\/rss\/articles\/CBMivwFBVV95cUxPRnY3VlI0Y3d2MTVSaWZrVm1GRzhlZ19vZkFNUERmdERsdGdmZ1Q4M29QMUtHOV8wdFZkN3dHWXptZTJtOUdvbXRkZHVwMnBFSlcwVHVmRGtEejNCeHR2dkZJLUNYOXNKREg0Rm1FclNrcUNnQm1hMEVJd1JzUmlHRWNCS0xVMU9lbmdLRGtHdnMzdWEtcWJNOXpheldJT0Fpc19EdEdiakNQUmVsby1pNTJGRDBzZy1PRWU4WDJ3VdIBvwFBVV95cUxPRnY3VlI0Y3d2MTVSaWZrVm1GRzhlZ19vZkFNUERmdERsdGdmZ1Q4M29QMUtHOV8wdFZkN3dHWXptZTJtOUdvbXRkZHVwMnBFSlcwVHVmRGtEejNCeHR2dkZJLUNYOXNKREg0Rm1FclNrcUNnQm1hMEVJd1JzUmlHRWNCS0xVMU9lbmdLRGtHdnMzdWEtcWJNOXpheldJT0Fpc19EdEdiakNQUmVsby1pNTJGRDBzZy1PRWU4WDJ3VQ\" target=\"_blank\" rel=\"nofollow noopener\">Haberin orijinal kayna\u011f\u0131na git<\/a><\/p>\n","protected":false},"excerpt":{"rendered":"<p>\u0130zmir\u2019de taksi esnaf\u0131na silahl\u0131 tehdit iddias\u0131: \u015e\u00fcpheli g\u00f6zalt\u0131na al\u0131nd\u0131 Medya Ege<\/p>\n","protected":false},"author":1,"featured_media":117,"comment_status":"open","ping_status":"open","sticky":false,"template":"","format":"standard","meta":{"footnotes":""},"categories":[3,2],"tags":[],"class_list":["post-116","post","type-post","status-publish","format-standard","has-post-thumbnail","hentry","category-izmir-taksi","category-taksi-haberleri"],"_links":{"self":[{"href":"https:\/\/taksigazetesi.com\/index.php?rest_route=\/wp\/v2\/posts\/116","targetHints":{"allow":["GET"]}}],"collection":[{"href":"https:\/\/taksigazetesi.com\/index.php?rest_route=\/wp\/v2\/posts"}],"about":[{"href":"https:\/\/taksigazetesi.com\/index.php?rest_route=\/wp\/v2\/types\/post"}],"author":[{"embeddable":true,"href":"https:\/\/taksigazetesi.com\/index.php?rest_route=\/wp\/v2\/users\/1"}],"replies":[{"embeddable":true,"href":"https:\/\/taksigazetesi.com\/index.php?rest_route=%2Fwp%2Fv2%2Fcomments&post=116"}],"version-history":[{"count":0,"href":"https:\/\/taksigazetesi.com\/index.php?rest_route=\/wp\/v2\/posts\/116\/revisions"}],"wp:featuredmedia":[{"embeddable":true,"href":"https:\/\/taksigazetesi.com\/index.php?rest_route=\/wp\/v2\/media\/117"}],"wp:attachment":[{"href":"https:\/\/taksigazetesi.com\/index.php?rest_route=%2Fwp%2Fv2%2Fmedia&parent=116"}],"wp:term":[{"taxonomy":"category","embeddable":true,"href":"https:\/\/taksigazetesi.com\/index.php?rest_route=%2Fwp%2Fv2%2Fcategories&post=116"},{"taxonomy":"post_tag","embeddable":true,"href":"https:\/\/taksigazetesi.com\/index.php?rest_route=%2Fwp%2Fv2%2Ftags&post=116"}],"curies":[{"name":"wp","href":"https:\/\/api.w.org\/{rel}","templated":true}]}}