{"id":12,"date":"2026-08-31T15:48:59","date_gmt":"2026-08-31T15:48:59","guid":{"rendered":"https:\/\/taksigazetesi.com\/?p=12"},"modified":"2026-08-31T15:48:59","modified_gmt":"2026-08-31T15:48:59","slug":"baskan-erkan-ozkandan-taksicilere-sicak-corba-ikrami","status":"publish","type":"post","link":"https:\/\/taksigazetesi.com\/?p=12","title":{"rendered":"Ba\u015fkan Erkan \u00d6zkan\u2019dan taksicilere s\u0131cak \u00e7orba ikram\u0131"},"content":{"rendered":"<p>\u0130zmir \u015eof\u00f6rler ve Otomobilciler Esnaf Odas\u0131 Ba\u015fkan\u0131 Erkan \u00d6zkan, havalar\u0131n so\u011fumas\u0131 nedeniyle gece saatlerinde taksici esnaf\u0131na s\u0131cak \u00e7orba ikram\u0131nda bulundu.<\/p>\n<p><strong>Kaynak:<\/strong> \u0130zmir \u015eof\u00f6rler ve Otomobilciler Esnaf Odas\u0131<\/p>\n<p><a href=\"https:\/\/izsofoda.org.tr\/baskan-erkan-ozkandan-taksicilere-sicak-corba-ikrami\/\" target=\"_blank\" rel=\"nofollow noopener\">Haberin orijinal kayna\u011f\u0131na git<\/a><\/p>\n","protected":false},"excerpt":{"rendered":"<p>\u0130zmir \u015eof\u00f6rler ve Otomobilciler Esnaf Odas\u0131 Ba\u015fkan\u0131 Erkan \u00d6zkan, havalar\u0131n so\u011fumas\u0131 nedeniyle gece saatlerinde taksici esnaf\u0131na s\u0131cak \u00e7orba ikram\u0131nda bulundu.<\/p>\n","protected":false},"author":1,"featured_media":0,"comment_status":"open","ping_status":"open","sticky":false,"template":"","format":"standard","meta":{"footnotes":""},"categories":[10,3,2],"tags":[],"class_list":["post-12","post","type-post","status-publish","format-standard","hentry","category-esnaf-odalari","category-izmir-taksi","category-taksi-haberleri"],"_links":{"self":[{"href":"https:\/\/taksigazetesi.com\/index.php?rest_route=\/wp\/v2\/posts\/12","targetHints":{"allow":["GET"]}}],"collection":[{"href":"https:\/\/taksigazetesi.com\/index.php?rest_route=\/wp\/v2\/posts"}],"about":[{"href":"https:\/\/taksigazetesi.com\/index.php?rest_route=\/wp\/v2\/types\/post"}],"author":[{"embeddable":true,"href":"https:\/\/taksigazetesi.com\/index.php?rest_route=\/wp\/v2\/users\/1"}],"replies":[{"embeddable":true,"href":"https:\/\/taksigazetesi.com\/index.php?rest_route=%2Fwp%2Fv2%2Fcomments&post=12"}],"version-history":[{"count":0,"href":"https:\/\/taksigazetesi.com\/index.php?rest_route=\/wp\/v2\/posts\/12\/revisions"}],"wp:attachment":[{"href":"https:\/\/taksigazetesi.com\/index.php?rest_route=%2Fwp%2Fv2%2Fmedia&parent=12"}],"wp:term":[{"taxonomy":"category","embeddable":true,"href":"https:\/\/taksigazetesi.com\/index.php?rest_route=%2Fwp%2Fv2%2Fcategories&post=12"},{"taxonomy":"post_tag","embeddable":true,"href":"https:\/\/taksigazetesi.com\/index.php?rest_route=%2Fwp%2Fv2%2Ftags&post=12"}],"curies":[{"name":"wp","href":"https:\/\/api.w.org\/{rel}","templated":true}]}}