{"id":122,"date":"2026-08-31T16:00:29","date_gmt":"2026-08-31T16:00:29","guid":{"rendered":"https:\/\/taksigazetesi.com\/?p=122"},"modified":"2026-08-31T16:00:29","modified_gmt":"2026-08-31T16:00:29","slug":"kozlulu-taksici-efkan-daskiranin-aci-haberini-ailesi-kuzeninin-kinasinda-ogrendi-cenaze-programi-belli-oldu-cinarmedya67-com-2","status":"publish","type":"post","link":"https:\/\/taksigazetesi.com\/?p=122","title":{"rendered":"Kozlulu taksici Efkan Da\u015fk\u0131ran\u2019\u0131n ac\u0131 haberini ailesi kuzeninin k\u0131nas\u0131nda \u00f6\u011frendi: Cenaze program\u0131 belli oldu &#8211; cinarmedya67.com"},"content":{"rendered":"<p>Kozlulu taksici Efkan Da\u015fk\u0131ran\u2019\u0131n ac\u0131 haberini ailesi kuzeninin k\u0131nas\u0131nda \u00f6\u011frendi: Cenaze program\u0131 belli oldu cinarmedya67.com<\/p>\n<p><strong>Kaynak:<\/strong> cinarmedya67.com<\/p>\n<p><a href=\"https:\/\/news.google.com\/rss\/articles\/CBMi3AFBVV95cUxOMmdZaUFRazJmUjRJYUJESU9oZnBVTmpoU0pGOEs5WVJLSTc2MkFEZGF0cERTSm44SjZlUmJ5N3JsQnN6V0dHZnpoVXUxY01YYWtJWFItckJqelNXRjVjaHE5azRQa3JwYXB6Y3htLUlYMVdfZjlBaEpmQmx3Z3JIX1VDX1hraWJjUVpwTlpZemhwSmRnLWxTQ0JiNmt1N2RwbXRkeGNxcTg1aU52V2RVakhYZmExQ1E2ZHRzcnp5aFNFUlM5VlVTdzBhVDI4TEdaRUJmaVhrQk44dm9H0gHiAUFVX3lxTFBpOTNwVzE4NHgzZHdsMUdyV3lYcnk5VEZ4SWt5OUNrb2RvM241VjlDM2I4RWhZdnFfMUc1cHI0TnRTVDJSODNzbFRlTV9IelZXQWhVQlZ4Sm9LV1ZDcEZMSEw2bkFpWDBONDZTME9kSk0wVElDZmV5Z2lZTURwWlZMeXFpY184em1NbHNmSFc3TThXRHNfS3ltMzEyMC1zUmVmOWVXVzJmaXg4eWQ1T1ZmcklwektzVmNlcDBWa1JlU1dqOHpQX2JmRktQS1dvdllkQmc2SG1YdnNsc0h1eDRSemc\" target=\"_blank\" rel=\"nofollow noopener\">Haberin orijinal kayna\u011f\u0131na git<\/a><\/p>\n","protected":false},"excerpt":{"rendered":"<p>Kozlulu taksici Efkan Da\u015fk\u0131ran\u2019\u0131n ac\u0131 haberini ailesi kuzeninin k\u0131nas\u0131nda \u00f6\u011frendi: Cenaze program\u0131 belli oldu cinarmedya67.com<\/p>\n","protected":false},"author":1,"featured_media":123,"comment_status":"open","ping_status":"open","sticky":false,"template":"","format":"standard","meta":{"footnotes":""},"categories":[2],"tags":[],"class_list":["post-122","post","type-post","status-publish","format-standard","has-post-thumbnail","hentry","category-taksi-haberleri"],"_links":{"self":[{"href":"https:\/\/taksigazetesi.com\/index.php?rest_route=\/wp\/v2\/posts\/122","targetHints":{"allow":["GET"]}}],"collection":[{"href":"https:\/\/taksigazetesi.com\/index.php?rest_route=\/wp\/v2\/posts"}],"about":[{"href":"https:\/\/taksigazetesi.com\/index.php?rest_route=\/wp\/v2\/types\/post"}],"author":[{"embeddable":true,"href":"https:\/\/taksigazetesi.com\/index.php?rest_route=\/wp\/v2\/users\/1"}],"replies":[{"embeddable":true,"href":"https:\/\/taksigazetesi.com\/index.php?rest_route=%2Fwp%2Fv2%2Fcomments&post=122"}],"version-history":[{"count":0,"href":"https:\/\/taksigazetesi.com\/index.php?rest_route=\/wp\/v2\/posts\/122\/revisions"}],"wp:featuredmedia":[{"embeddable":true,"href":"https:\/\/taksigazetesi.com\/index.php?rest_route=\/wp\/v2\/media\/123"}],"wp:attachment":[{"href":"https:\/\/taksigazetesi.com\/index.php?rest_route=%2Fwp%2Fv2%2Fmedia&parent=122"}],"wp:term":[{"taxonomy":"category","embeddable":true,"href":"https:\/\/taksigazetesi.com\/index.php?rest_route=%2Fwp%2Fv2%2Fcategories&post=122"},{"taxonomy":"post_tag","embeddable":true,"href":"https:\/\/taksigazetesi.com\/index.php?rest_route=%2Fwp%2Fv2%2Ftags&post=122"}],"curies":[{"name":"wp","href":"https:\/\/api.w.org\/{rel}","templated":true}]}}