{"id":13,"date":"2026-08-31T15:49:00","date_gmt":"2026-08-31T15:49:00","guid":{"rendered":"https:\/\/taksigazetesi.com\/?p=13"},"modified":"2026-08-31T15:49:00","modified_gmt":"2026-08-31T15:49:00","slug":"sofor-esnafini-sevindiren-teklif","status":"publish","type":"post","link":"https:\/\/taksigazetesi.com\/?p=13","title":{"rendered":"\u015eof\u00f6r esnaf\u0131n\u0131 sevindiren teklif"},"content":{"rendered":"<p>\u0130zmir \u015eof\u00f6rler ve Otomobilciler Esnaf Odas\u0131 Ba\u015fkan\u0131 Erkan \u00d6zkan, binlerce taksi esnaf\u0131n\u0131n \u00d6TV muafiyetini bekledi\u011fini belirterek, \u201cT\u00fcrkiye\u2019de sadece 150 bine<\/p>\n<p><strong>Kaynak:<\/strong> \u0130zmir \u015eof\u00f6rler ve Otomobilciler Esnaf Odas\u0131<\/p>\n<p><a href=\"https:\/\/izsofoda.org.tr\/sofor-esnafini-sevindiren-teklif\/\" target=\"_blank\" rel=\"nofollow noopener\">Haberin orijinal kayna\u011f\u0131na git<\/a><\/p>\n","protected":false},"excerpt":{"rendered":"<p>\u0130zmir \u015eof\u00f6rler ve Otomobilciler Esnaf Odas\u0131 Ba\u015fkan\u0131 Erkan \u00d6zkan, binlerce taksi esnaf\u0131n\u0131n \u00d6TV muafiyetini bekledi\u011fini belirterek, \u201cT\u00fcrkiye\u2019de sadece 150 bine<\/p>\n","protected":false},"author":1,"featured_media":0,"comment_status":"open","ping_status":"open","sticky":false,"template":"","format":"standard","meta":{"footnotes":""},"categories":[10,3,2],"tags":[],"class_list":["post-13","post","type-post","status-publish","format-standard","hentry","category-esnaf-odalari","category-izmir-taksi","category-taksi-haberleri"],"_links":{"self":[{"href":"https:\/\/taksigazetesi.com\/index.php?rest_route=\/wp\/v2\/posts\/13","targetHints":{"allow":["GET"]}}],"collection":[{"href":"https:\/\/taksigazetesi.com\/index.php?rest_route=\/wp\/v2\/posts"}],"about":[{"href":"https:\/\/taksigazetesi.com\/index.php?rest_route=\/wp\/v2\/types\/post"}],"author":[{"embeddable":true,"href":"https:\/\/taksigazetesi.com\/index.php?rest_route=\/wp\/v2\/users\/1"}],"replies":[{"embeddable":true,"href":"https:\/\/taksigazetesi.com\/index.php?rest_route=%2Fwp%2Fv2%2Fcomments&post=13"}],"version-history":[{"count":0,"href":"https:\/\/taksigazetesi.com\/index.php?rest_route=\/wp\/v2\/posts\/13\/revisions"}],"wp:attachment":[{"href":"https:\/\/taksigazetesi.com\/index.php?rest_route=%2Fwp%2Fv2%2Fmedia&parent=13"}],"wp:term":[{"taxonomy":"category","embeddable":true,"href":"https:\/\/taksigazetesi.com\/index.php?rest_route=%2Fwp%2Fv2%2Fcategories&post=13"},{"taxonomy":"post_tag","embeddable":true,"href":"https:\/\/taksigazetesi.com\/index.php?rest_route=%2Fwp%2Fv2%2Ftags&post=13"}],"curies":[{"name":"wp","href":"https:\/\/api.w.org\/{rel}","templated":true}]}}