{"id":178,"date":"2026-08-31T16:03:35","date_gmt":"2026-08-31T16:03:35","guid":{"rendered":"https:\/\/taksigazetesi.com\/?p=178"},"modified":"2026-08-31T16:03:35","modified_gmt":"2026-08-31T16:03:35","slug":"erzurumda-fikra-gibi-olay-korsan-taksiyi-yakalatti-kendisi-de-ceza-yedi-ortadogu-gazetesi","status":"publish","type":"post","link":"https:\/\/taksigazetesi.com\/?p=178","title":{"rendered":"Erzurum\u2019da f\u0131kra gibi olay! Korsan taksiyi yakalatt\u0131, kendisi de ceza yedi &#8211; Ortado\u011fu Gazetesi"},"content":{"rendered":"<p>Erzurum\u2019da f\u0131kra gibi olay! Korsan taksiyi yakalatt\u0131, kendisi de ceza yedi Ortado\u011fu Gazetesi<\/p>\n<p><strong>Kaynak:<\/strong> Ortado\u011fu Gazetesi<\/p>\n<p><a href=\"https:\/\/news.google.com\/rss\/articles\/CBMiuwFBVV95cUxQTk5YeDg3YjFkVy1HclRRVEpqcnYxZXBpMDJsSjVrRTNNZHFMWk1iZFcyODBCTjZCQjBfejUyWVJ6cWd6aVVhUGdhbG42VEh6RDI2cWpIblAtckJ0TER0cmFmUXJKUExZbld3QVRjWHlhT0p3UDRkTVRBaEdERWtOMGFfQzJweHRaNGNETllnTWFPNFFDcmZvVjkwNXpPN0xkRVp1Ulh4QmgyN3c2dHNFZ1FNQjFRZjhXNUU4\" target=\"_blank\" rel=\"nofollow noopener\">Haberin orijinal kayna\u011f\u0131na git<\/a><\/p>\n","protected":false},"excerpt":{"rendered":"<p>Erzurum\u2019da f\u0131kra gibi olay! Korsan taksiyi yakalatt\u0131, kendisi de ceza yedi Ortado\u011fu Gazetesi<\/p>\n","protected":false},"author":1,"featured_media":179,"comment_status":"open","ping_status":"open","sticky":false,"template":"","format":"standard","meta":{"footnotes":""},"categories":[18,8,2],"tags":[],"class_list":["post-178","post","type-post","status-publish","format-standard","has-post-thumbnail","hentry","category-erzurum-taksi","category-korsan-tasimacilik","category-taksi-haberleri"],"_links":{"self":[{"href":"https:\/\/taksigazetesi.com\/index.php?rest_route=\/wp\/v2\/posts\/178","targetHints":{"allow":["GET"]}}],"collection":[{"href":"https:\/\/taksigazetesi.com\/index.php?rest_route=\/wp\/v2\/posts"}],"about":[{"href":"https:\/\/taksigazetesi.com\/index.php?rest_route=\/wp\/v2\/types\/post"}],"author":[{"embeddable":true,"href":"https:\/\/taksigazetesi.com\/index.php?rest_route=\/wp\/v2\/users\/1"}],"replies":[{"embeddable":true,"href":"https:\/\/taksigazetesi.com\/index.php?rest_route=%2Fwp%2Fv2%2Fcomments&post=178"}],"version-history":[{"count":0,"href":"https:\/\/taksigazetesi.com\/index.php?rest_route=\/wp\/v2\/posts\/178\/revisions"}],"wp:featuredmedia":[{"embeddable":true,"href":"https:\/\/taksigazetesi.com\/index.php?rest_route=\/wp\/v2\/media\/179"}],"wp:attachment":[{"href":"https:\/\/taksigazetesi.com\/index.php?rest_route=%2Fwp%2Fv2%2Fmedia&parent=178"}],"wp:term":[{"taxonomy":"category","embeddable":true,"href":"https:\/\/taksigazetesi.com\/index.php?rest_route=%2Fwp%2Fv2%2Fcategories&post=178"},{"taxonomy":"post_tag","embeddable":true,"href":"https:\/\/taksigazetesi.com\/index.php?rest_route=%2Fwp%2Fv2%2Ftags&post=178"}],"curies":[{"name":"wp","href":"https:\/\/api.w.org\/{rel}","templated":true}]}}