{"id":180,"date":"2026-08-31T16:03:37","date_gmt":"2026-08-31T16:03:37","guid":{"rendered":"https:\/\/taksigazetesi.com\/?p=180"},"modified":"2026-08-31T16:03:37","modified_gmt":"2026-08-31T16:03:37","slug":"izmirde-taksi-esnafina-yonelik-tehdit-icerikli-paylasim-yapan-supheli-gozaltina-alindi-canli-gaste","status":"publish","type":"post","link":"https:\/\/taksigazetesi.com\/?p=180","title":{"rendered":"\u0130zmir&#8217;de taksi esnaf\u0131na y\u00f6nelik tehdit i\u00e7erikli payla\u015f\u0131m yapan \u015f\u00fcpheli g\u00f6zalt\u0131na al\u0131nd\u0131 &#8211; Canl\u0131 Gaste"},"content":{"rendered":"<p>\u0130zmir&#039;de taksi esnaf\u0131na y\u00f6nelik tehdit i\u00e7erikli payla\u015f\u0131m yapan \u015f\u00fcpheli g\u00f6zalt\u0131na al\u0131nd\u0131 Canl\u0131 Gaste<\/p>\n<p><strong>Kaynak:<\/strong> Canl\u0131 Gaste<\/p>\n<p><a href=\"https:\/\/news.google.com\/rss\/articles\/CBMizAFBVV95cUxPcEhsTGU2dWMxc3VJdTRseHE3dG9mb3V0MGc1ckZWU2kzcHcwaENDYmVzbEVzSlhra2pZdEFESzRZZTFhTno1aVM1cjJESzk2YmJFZnBpckJQYWxZSzhxajZZalJ4NC1KTXdLXzNxbVBQU0ZUb2ZPeG5uQjBhRjk5S0hOMkpyTHFuTkVlZkFCeXpvYXBrTmhsc0h0UjlhNzdWaHp4TmVCckd6cU1JazRSWWx0eWlMSU1VT2VERGt2VDJ5SzVocXdRZ3NhNlrSAcwBQVVfeXFMT3BIbExlNnVjMXN1SXU0bHhxN3RvZm91dDBnNXJGVlNpM3B3MGhDQ2Jlc2xFc0pYa2tqWXRBREs0WWUxYU56NWlTNXIyREs5NmJiRWZwaXJCUGFsWUs4cWo2WWpSeDQtSk13S18zcW1QUFNGVG9mT3hubkIwYUY5OUtITjJKckxxbk5FZWZBQnl6b2Fwa05obHNIdFI5YTc3Vmh6eE5lQnJHenFNSWs0UllsdHlpTElNVU9lRERrdlQyeUs1aHF3UWdzYTZa\" target=\"_blank\" rel=\"nofollow noopener\">Haberin orijinal kayna\u011f\u0131na git<\/a><\/p>\n","protected":false},"excerpt":{"rendered":"<p>\u0130zmir&#8217;de taksi esnaf\u0131na y\u00f6nelik tehdit i\u00e7erikli payla\u015f\u0131m yapan \u015f\u00fcpheli g\u00f6zalt\u0131na al\u0131nd\u0131 Canl\u0131 Gaste<\/p>\n","protected":false},"author":1,"featured_media":181,"comment_status":"open","ping_status":"open","sticky":false,"template":"","format":"standard","meta":{"footnotes":""},"categories":[3,2],"tags":[],"class_list":["post-180","post","type-post","status-publish","format-standard","has-post-thumbnail","hentry","category-izmir-taksi","category-taksi-haberleri"],"_links":{"self":[{"href":"https:\/\/taksigazetesi.com\/index.php?rest_route=\/wp\/v2\/posts\/180","targetHints":{"allow":["GET"]}}],"collection":[{"href":"https:\/\/taksigazetesi.com\/index.php?rest_route=\/wp\/v2\/posts"}],"about":[{"href":"https:\/\/taksigazetesi.com\/index.php?rest_route=\/wp\/v2\/types\/post"}],"author":[{"embeddable":true,"href":"https:\/\/taksigazetesi.com\/index.php?rest_route=\/wp\/v2\/users\/1"}],"replies":[{"embeddable":true,"href":"https:\/\/taksigazetesi.com\/index.php?rest_route=%2Fwp%2Fv2%2Fcomments&post=180"}],"version-history":[{"count":0,"href":"https:\/\/taksigazetesi.com\/index.php?rest_route=\/wp\/v2\/posts\/180\/revisions"}],"wp:featuredmedia":[{"embeddable":true,"href":"https:\/\/taksigazetesi.com\/index.php?rest_route=\/wp\/v2\/media\/181"}],"wp:attachment":[{"href":"https:\/\/taksigazetesi.com\/index.php?rest_route=%2Fwp%2Fv2%2Fmedia&parent=180"}],"wp:term":[{"taxonomy":"category","embeddable":true,"href":"https:\/\/taksigazetesi.com\/index.php?rest_route=%2Fwp%2Fv2%2Fcategories&post=180"},{"taxonomy":"post_tag","embeddable":true,"href":"https:\/\/taksigazetesi.com\/index.php?rest_route=%2Fwp%2Fv2%2Ftags&post=180"}],"curies":[{"name":"wp","href":"https:\/\/api.w.org\/{rel}","templated":true}]}}