{"id":198,"date":"2026-08-31T16:03:57","date_gmt":"2026-08-31T16:03:57","guid":{"rendered":"https:\/\/taksigazetesi.com\/?p=198"},"modified":"2026-08-31T16:03:57","modified_gmt":"2026-08-31T16:03:57","slug":"taksicilerin-belalisi-uber-bu-kez-erdoganin-yegenini-arkasina-aldi-haber-hurriyeti","status":"publish","type":"post","link":"https:\/\/taksigazetesi.com\/?p=198","title":{"rendered":"Taksicilerin belal\u0131s\u0131 Uber bu kez Erdo\u011fan\u2019\u0131n ye\u011fenini arkas\u0131na ald\u0131 &#8211; Haber H\u00fcrriyeti"},"content":{"rendered":"<p>Taksicilerin belal\u0131s\u0131 Uber bu kez Erdo\u011fan\u2019\u0131n ye\u011fenini arkas\u0131na ald\u0131 Haber H\u00fcrriyeti<\/p>\n<p><strong>Kaynak:<\/strong> Haber H\u00fcrriyeti<\/p>\n<p><a href=\"https:\/\/news.google.com\/rss\/articles\/CBMitwFBVV95cUxOdldCak5hNkJYOFpobXZDNl9uck5qaldLNWg2a3RTWXBNcWNOa2U5a0FKNGczMjhuQUxXVFM3OVg1MjNWUHdNeDRhUTd1TktzX0NRTXh4Q0RDb0dkemxNZmZUNmRWMUNYaURuQWxUZzZ2VVBwTklxa1RQaFI4UGV6dVVkSHZPdUlVT01ScGNRNVZxbm9JTjRpdDkwMWRrbl8xV25sV3VVNDh1NUtDem00NnVvNks1aGfSAbcBQVVfeXFMTnZXQmpOYTZCWDhaaG12QzZfbnJOampXSzVoNmt0U1lwTXFjTmtlOWtBSjRnMzI4bkFMV1RTNzlYNTIzVlB3TXg0YVE3dU5Lc19DUU14eENEQ29HZHpsTWZmVDZkVjFDWGlEbkFsVGc2dlVQcE5JcWtUUGhSOFBlenVVZEh2T3VJVU9NUnBjUTVWcW5vSU40aXQ5MDFka25fMVdubFd1VTQ4dTVLQ3ptNDZ1bzZLNWhn\" target=\"_blank\" rel=\"nofollow noopener\">Haberin orijinal kayna\u011f\u0131na git<\/a><\/p>\n","protected":false},"excerpt":{"rendered":"<p>Taksicilerin belal\u0131s\u0131 Uber bu kez Erdo\u011fan\u2019\u0131n ye\u011fenini arkas\u0131na ald\u0131 Haber H\u00fcrriyeti<\/p>\n","protected":false},"author":1,"featured_media":199,"comment_status":"open","ping_status":"open","sticky":false,"template":"","format":"standard","meta":{"footnotes":""},"categories":[4,2],"tags":[],"class_list":["post-198","post","type-post","status-publish","format-standard","has-post-thumbnail","hentry","category-istanbul-taksi","category-taksi-haberleri"],"_links":{"self":[{"href":"https:\/\/taksigazetesi.com\/index.php?rest_route=\/wp\/v2\/posts\/198","targetHints":{"allow":["GET"]}}],"collection":[{"href":"https:\/\/taksigazetesi.com\/index.php?rest_route=\/wp\/v2\/posts"}],"about":[{"href":"https:\/\/taksigazetesi.com\/index.php?rest_route=\/wp\/v2\/types\/post"}],"author":[{"embeddable":true,"href":"https:\/\/taksigazetesi.com\/index.php?rest_route=\/wp\/v2\/users\/1"}],"replies":[{"embeddable":true,"href":"https:\/\/taksigazetesi.com\/index.php?rest_route=%2Fwp%2Fv2%2Fcomments&post=198"}],"version-history":[{"count":0,"href":"https:\/\/taksigazetesi.com\/index.php?rest_route=\/wp\/v2\/posts\/198\/revisions"}],"wp:featuredmedia":[{"embeddable":true,"href":"https:\/\/taksigazetesi.com\/index.php?rest_route=\/wp\/v2\/media\/199"}],"wp:attachment":[{"href":"https:\/\/taksigazetesi.com\/index.php?rest_route=%2Fwp%2Fv2%2Fmedia&parent=198"}],"wp:term":[{"taxonomy":"category","embeddable":true,"href":"https:\/\/taksigazetesi.com\/index.php?rest_route=%2Fwp%2Fv2%2Fcategories&post=198"},{"taxonomy":"post_tag","embeddable":true,"href":"https:\/\/taksigazetesi.com\/index.php?rest_route=%2Fwp%2Fv2%2Ftags&post=198"}],"curies":[{"name":"wp","href":"https:\/\/api.w.org\/{rel}","templated":true}]}}