{"id":204,"date":"2026-08-31T16:04:01","date_gmt":"2026-08-31T16:04:01","guid":{"rendered":"https:\/\/taksigazetesi.com\/?p=204"},"modified":"2026-08-31T16:04:01","modified_gmt":"2026-08-31T16:04:01","slug":"izmirde-taksicilere-yonelik-tehdit-supheli-gozaltinda-haber-ege","status":"publish","type":"post","link":"https:\/\/taksigazetesi.com\/?p=204","title":{"rendered":"\u0130zmir\u2019de taksicilere y\u00f6nelik tehdit: \u015e\u00fcpheli g\u00f6zalt\u0131nda &#8211; Haber Ege"},"content":{"rendered":"<p>\u0130zmir\u2019de taksicilere y\u00f6nelik tehdit: \u015e\u00fcpheli g\u00f6zalt\u0131nda Haber Ege<\/p>\n<p><strong>Kaynak:<\/strong> Haber Ege<\/p>\n<p><a href=\"https:\/\/news.google.com\/rss\/articles\/CBMikwFBVV95cUxQWDRUdHNBRlh4bndlTWFHaEZCdWZzVFRPUDlzRUJ3YXVJaXdydS10S204eHZuaG1sNEFvZU9QSXJzS0F6OXFpTHlpdExyMzNHUzdEWjdRX2xLTkI3NTZ6VEgyMnUyZGZNM2tYNFlDb3hEYWR0eGMxcGZEd0dwZG5vSlpDcnpQcDNJX1ROdGg0OG1vaWs\" target=\"_blank\" rel=\"nofollow noopener\">Haberin orijinal kayna\u011f\u0131na git<\/a><\/p>\n","protected":false},"excerpt":{"rendered":"<p>\u0130zmir\u2019de taksicilere y\u00f6nelik tehdit: \u015e\u00fcpheli g\u00f6zalt\u0131nda Haber Ege<\/p>\n","protected":false},"author":1,"featured_media":205,"comment_status":"open","ping_status":"open","sticky":false,"template":"","format":"standard","meta":{"footnotes":""},"categories":[3,2],"tags":[],"class_list":["post-204","post","type-post","status-publish","format-standard","has-post-thumbnail","hentry","category-izmir-taksi","category-taksi-haberleri"],"_links":{"self":[{"href":"https:\/\/taksigazetesi.com\/index.php?rest_route=\/wp\/v2\/posts\/204","targetHints":{"allow":["GET"]}}],"collection":[{"href":"https:\/\/taksigazetesi.com\/index.php?rest_route=\/wp\/v2\/posts"}],"about":[{"href":"https:\/\/taksigazetesi.com\/index.php?rest_route=\/wp\/v2\/types\/post"}],"author":[{"embeddable":true,"href":"https:\/\/taksigazetesi.com\/index.php?rest_route=\/wp\/v2\/users\/1"}],"replies":[{"embeddable":true,"href":"https:\/\/taksigazetesi.com\/index.php?rest_route=%2Fwp%2Fv2%2Fcomments&post=204"}],"version-history":[{"count":0,"href":"https:\/\/taksigazetesi.com\/index.php?rest_route=\/wp\/v2\/posts\/204\/revisions"}],"wp:featuredmedia":[{"embeddable":true,"href":"https:\/\/taksigazetesi.com\/index.php?rest_route=\/wp\/v2\/media\/205"}],"wp:attachment":[{"href":"https:\/\/taksigazetesi.com\/index.php?rest_route=%2Fwp%2Fv2%2Fmedia&parent=204"}],"wp:term":[{"taxonomy":"category","embeddable":true,"href":"https:\/\/taksigazetesi.com\/index.php?rest_route=%2Fwp%2Fv2%2Fcategories&post=204"},{"taxonomy":"post_tag","embeddable":true,"href":"https:\/\/taksigazetesi.com\/index.php?rest_route=%2Fwp%2Fv2%2Ftags&post=204"}],"curies":[{"name":"wp","href":"https:\/\/api.w.org\/{rel}","templated":true}]}}