{"id":31,"date":"2026-08-31T15:53:47","date_gmt":"2026-08-31T15:53:47","guid":{"rendered":"https:\/\/taksigazetesi.com\/?p=31"},"modified":"2026-08-31T15:53:47","modified_gmt":"2026-08-31T15:53:47","slug":"izmir-haberleri-izmirde-taksi-esnafina-yonelik-tehdit-icerikli-paylasim-yapan-supheli-gozaltina-alindi-yerel-haberler-hurriyet","status":"publish","type":"post","link":"https:\/\/taksigazetesi.com\/?p=31","title":{"rendered":"\u0130zmir Haberleri &#8211; \u0130zmir&#8217;de taksi esnaf\u0131na y\u00f6nelik tehdit i\u00e7erikli payla\u015f\u0131m yapan \u015f\u00fcpheli g\u00f6zalt\u0131na al\u0131nd\u0131 &#8211; Yerel Haberler &#8211; H\u00fcrriyet"},"content":{"rendered":"<p>\u0130zmir Haberleri &#8211; \u0130zmir&#039;de taksi esnaf\u0131na y\u00f6nelik tehdit i\u00e7erikli payla\u015f\u0131m yapan \u015f\u00fcpheli g\u00f6zalt\u0131na al\u0131nd\u0131<\/p>\n<p><strong>Kaynak:<\/strong> H\u00fcrriyet<\/p>\n<p><a href=\"https:\/\/news.google.com\/rss\/articles\/CBMiqAFBVV95cUxQaDRtcFAxUXVxZTk1aks3bTcwMUk0R1RMb2ZFdGtJZlVERUp6M1JFdVhLT1BKd3VubXZuVzhXS0t6X29aelRhVVBkcERzVzVlRGJQWnVPZUkteXpGMlpfcG1IUDk2NVMyUjBQNy16WmpEbXpCbnFNTUNob0c4MFFKWHpxNmdmY09TLVZGNHQtOG5YcDdkVXpnLTFlR0s5cFBDOWJFam00MWg?oc=5\" target=\"_blank\" rel=\"nofollow noopener\">Haberin orijinal kayna\u011f\u0131na git<\/a><\/p>\n","protected":false},"excerpt":{"rendered":"<p>\u0130zmir Haberleri &#8211; \u0130zmir&#8217;de taksi esnaf\u0131na y\u00f6nelik tehdit i\u00e7erikli payla\u015f\u0131m yapan \u015f\u00fcpheli g\u00f6zalt\u0131na al\u0131nd\u0131<\/p>\n","protected":false},"author":1,"featured_media":0,"comment_status":"open","ping_status":"open","sticky":false,"template":"","format":"standard","meta":{"footnotes":""},"categories":[3,2],"tags":[],"class_list":["post-31","post","type-post","status-publish","format-standard","hentry","category-izmir-taksi","category-taksi-haberleri"],"_links":{"self":[{"href":"https:\/\/taksigazetesi.com\/index.php?rest_route=\/wp\/v2\/posts\/31","targetHints":{"allow":["GET"]}}],"collection":[{"href":"https:\/\/taksigazetesi.com\/index.php?rest_route=\/wp\/v2\/posts"}],"about":[{"href":"https:\/\/taksigazetesi.com\/index.php?rest_route=\/wp\/v2\/types\/post"}],"author":[{"embeddable":true,"href":"https:\/\/taksigazetesi.com\/index.php?rest_route=\/wp\/v2\/users\/1"}],"replies":[{"embeddable":true,"href":"https:\/\/taksigazetesi.com\/index.php?rest_route=%2Fwp%2Fv2%2Fcomments&post=31"}],"version-history":[{"count":0,"href":"https:\/\/taksigazetesi.com\/index.php?rest_route=\/wp\/v2\/posts\/31\/revisions"}],"wp:attachment":[{"href":"https:\/\/taksigazetesi.com\/index.php?rest_route=%2Fwp%2Fv2%2Fmedia&parent=31"}],"wp:term":[{"taxonomy":"category","embeddable":true,"href":"https:\/\/taksigazetesi.com\/index.php?rest_route=%2Fwp%2Fv2%2Fcategories&post=31"},{"taxonomy":"post_tag","embeddable":true,"href":"https:\/\/taksigazetesi.com\/index.php?rest_route=%2Fwp%2Fv2%2Ftags&post=31"}],"curies":[{"name":"wp","href":"https:\/\/api.w.org\/{rel}","templated":true}]}}