{"id":46,"date":"2026-08-31T15:53:56","date_gmt":"2026-08-31T15:53:56","guid":{"rendered":"https:\/\/taksigazetesi.com\/?p=46"},"modified":"2026-08-31T15:53:56","modified_gmt":"2026-08-31T15:53:56","slug":"izmirde-taksi-esnafina-yonelik-tehdit-icerikli-paylasim-yapan-supheli-gozaltina-alindi-evrensel-net","status":"publish","type":"post","link":"https:\/\/taksigazetesi.com\/?p=46","title":{"rendered":"\u0130zmir&#8217;de taksi esnaf\u0131na y\u00f6nelik tehdit i\u00e7erikli payla\u015f\u0131m yapan \u015f\u00fcpheli g\u00f6zalt\u0131na al\u0131nd\u0131 &#8211; Evrensel.net"},"content":{"rendered":"<p>\u0130zmir&#039;de taksi esnaf\u0131na y\u00f6nelik tehdit i\u00e7erikli payla\u015f\u0131m yapan \u015f\u00fcpheli g\u00f6zalt\u0131na al\u0131nd\u0131 Evrensel.net<\/p>\n<p><strong>Kaynak:<\/strong> Evrensel.net<\/p>\n<p><a href=\"https:\/\/news.google.com\/rss\/articles\/CBMiwwFBVV95cUxNWndvQzZNMmxLY29lMlpQR1lmRkg0SENNbUpFSGNGaUNWd3p2WG95Z1k3WVlPcFE0TkdjYkt3a1hZZEJleThKNU9GQUhsa2RrUTNlcTR5eEczUTJIU2ZzT1AtSElCeHVORVRSX2RRRTNPVC0tbG5peWVrbDVqMGE3NXN1bzJXMFVGZV9wVmZwOUhrcjcxR1RGRWx6V0F1UEEyN1Q5dXl0bjE0UGV0RTZKTnhDeGU2N0NQZkNPTURVUVFWVGc?oc=5\" target=\"_blank\" rel=\"nofollow noopener\">Haberin orijinal kayna\u011f\u0131na git<\/a><\/p>\n","protected":false},"excerpt":{"rendered":"<p>\u0130zmir&#8217;de taksi esnaf\u0131na y\u00f6nelik tehdit i\u00e7erikli payla\u015f\u0131m yapan \u015f\u00fcpheli g\u00f6zalt\u0131na al\u0131nd\u0131 Evrensel.net<\/p>\n","protected":false},"author":1,"featured_media":0,"comment_status":"open","ping_status":"open","sticky":false,"template":"","format":"standard","meta":{"footnotes":""},"categories":[3,2],"tags":[],"class_list":["post-46","post","type-post","status-publish","format-standard","hentry","category-izmir-taksi","category-taksi-haberleri"],"_links":{"self":[{"href":"https:\/\/taksigazetesi.com\/index.php?rest_route=\/wp\/v2\/posts\/46","targetHints":{"allow":["GET"]}}],"collection":[{"href":"https:\/\/taksigazetesi.com\/index.php?rest_route=\/wp\/v2\/posts"}],"about":[{"href":"https:\/\/taksigazetesi.com\/index.php?rest_route=\/wp\/v2\/types\/post"}],"author":[{"embeddable":true,"href":"https:\/\/taksigazetesi.com\/index.php?rest_route=\/wp\/v2\/users\/1"}],"replies":[{"embeddable":true,"href":"https:\/\/taksigazetesi.com\/index.php?rest_route=%2Fwp%2Fv2%2Fcomments&post=46"}],"version-history":[{"count":0,"href":"https:\/\/taksigazetesi.com\/index.php?rest_route=\/wp\/v2\/posts\/46\/revisions"}],"wp:attachment":[{"href":"https:\/\/taksigazetesi.com\/index.php?rest_route=%2Fwp%2Fv2%2Fmedia&parent=46"}],"wp:term":[{"taxonomy":"category","embeddable":true,"href":"https:\/\/taksigazetesi.com\/index.php?rest_route=%2Fwp%2Fv2%2Fcategories&post=46"},{"taxonomy":"post_tag","embeddable":true,"href":"https:\/\/taksigazetesi.com\/index.php?rest_route=%2Fwp%2Fv2%2Ftags&post=46"}],"curies":[{"name":"wp","href":"https:\/\/api.w.org\/{rel}","templated":true}]}}