{"id":60,"date":"2026-08-31T15:56:37","date_gmt":"2026-08-31T15:56:37","guid":{"rendered":"https:\/\/taksigazetesi.com\/?p=60"},"modified":"2026-08-31T15:56:37","modified_gmt":"2026-08-31T15:56:37","slug":"istanbulda-kanadali-turiste-taksici-ve-iki-kadindan-gasp-tuzagi-bicakla-yaralayip-kactilar-dehset-anlari-kamerada-sabah-2","status":"publish","type":"post","link":"https:\/\/taksigazetesi.com\/?p=60","title":{"rendered":"\u0130stanbul&#8217;da Kanadal\u0131 turiste taksici ve iki kad\u0131ndan gasp tuza\u011f\u0131! B\u0131\u00e7akla yaralay\u0131p ka\u00e7t\u0131lar: Deh\u015fet anlar\u0131 kamerada &#8211; Sabah"},"content":{"rendered":"<p>\u0130stanbul&#039;da Kanadal\u0131 turiste taksici ve iki kad\u0131ndan gasp tuza\u011f\u0131! B\u0131\u00e7akla yaralay\u0131p ka\u00e7t\u0131lar: Deh\u015fet anlar\u0131 kamerada Sabah<\/p>\n<p><strong>Kaynak:<\/strong> Sabah<\/p>\n<p><a href=\"https:\/\/news.google.com\/rss\/articles\/CBMi5wFBVV95cUxPb3NCemV3NjZHZWVHVl8xNzZ1WURqYzVDWlJ1OVFOTnNPQUZvZ3pnTUVtTENtbTZkaHhIX21RVl9DWktKRUYzQ2g2aWRlVGhFYVp2R0tlMWJIWFUzUGhfaGxmUmRqOTB5QThhWTBWSWZxZDNld3p6a3FpQUZxbXNfZ2R1VFVTUGlFQmdKZG8yWmpybGdBZ0Jza3FwTGZycWRpRWtDYnBLNlpiNmE1VjBxNXRHQjhjRHBwTzl5RjFTSlJSVmk0MDlnT1dMYnJHcHhCM240a3NuZkxNNzBKZEd4T0lFQTM5TDQ\" target=\"_blank\" rel=\"nofollow noopener\">Haberin orijinal kayna\u011f\u0131na git<\/a><\/p>\n","protected":false},"excerpt":{"rendered":"<p>\u0130stanbul&#8217;da Kanadal\u0131 turiste taksici ve iki kad\u0131ndan gasp tuza\u011f\u0131! B\u0131\u00e7akla yaralay\u0131p ka\u00e7t\u0131lar: Deh\u015fet anlar\u0131 kamerada Sabah<\/p>\n","protected":false},"author":1,"featured_media":61,"comment_status":"open","ping_status":"open","sticky":false,"template":"","format":"standard","meta":{"footnotes":""},"categories":[4,2],"tags":[],"class_list":["post-60","post","type-post","status-publish","format-standard","has-post-thumbnail","hentry","category-istanbul-taksi","category-taksi-haberleri"],"_links":{"self":[{"href":"https:\/\/taksigazetesi.com\/index.php?rest_route=\/wp\/v2\/posts\/60","targetHints":{"allow":["GET"]}}],"collection":[{"href":"https:\/\/taksigazetesi.com\/index.php?rest_route=\/wp\/v2\/posts"}],"about":[{"href":"https:\/\/taksigazetesi.com\/index.php?rest_route=\/wp\/v2\/types\/post"}],"author":[{"embeddable":true,"href":"https:\/\/taksigazetesi.com\/index.php?rest_route=\/wp\/v2\/users\/1"}],"replies":[{"embeddable":true,"href":"https:\/\/taksigazetesi.com\/index.php?rest_route=%2Fwp%2Fv2%2Fcomments&post=60"}],"version-history":[{"count":0,"href":"https:\/\/taksigazetesi.com\/index.php?rest_route=\/wp\/v2\/posts\/60\/revisions"}],"wp:featuredmedia":[{"embeddable":true,"href":"https:\/\/taksigazetesi.com\/index.php?rest_route=\/wp\/v2\/media\/61"}],"wp:attachment":[{"href":"https:\/\/taksigazetesi.com\/index.php?rest_route=%2Fwp%2Fv2%2Fmedia&parent=60"}],"wp:term":[{"taxonomy":"category","embeddable":true,"href":"https:\/\/taksigazetesi.com\/index.php?rest_route=%2Fwp%2Fv2%2Fcategories&post=60"},{"taxonomy":"post_tag","embeddable":true,"href":"https:\/\/taksigazetesi.com\/index.php?rest_route=%2Fwp%2Fv2%2Ftags&post=60"}],"curies":[{"name":"wp","href":"https:\/\/api.w.org\/{rel}","templated":true}]}}