{"id":76,"date":"2026-08-31T15:56:47","date_gmt":"2026-08-31T15:56:47","guid":{"rendered":"https:\/\/taksigazetesi.com\/?p=76"},"modified":"2026-08-31T15:56:47","modified_gmt":"2026-08-31T15:56:47","slug":"karakoyde-takside-bicakli-gasp-skandali-misirli-turisti-yaralayip-parasini-aldilar-taksici-gozaltinda-ilkses-gazetesi-2","status":"publish","type":"post","link":"https:\/\/taksigazetesi.com\/?p=76","title":{"rendered":"Karak\u00f6y\u2019de takside b\u0131\u00e7akl\u0131 gasp skandal\u0131! M\u0131s\u0131rl\u0131 turisti yaralay\u0131p paras\u0131n\u0131 ald\u0131lar: Taksici g\u00f6zalt\u0131nda &#8211; \u0130lkses Gazetesi"},"content":{"rendered":"<p>Karak\u00f6y\u2019de takside b\u0131\u00e7akl\u0131 gasp skandal\u0131! M\u0131s\u0131rl\u0131 turisti yaralay\u0131p paras\u0131n\u0131 ald\u0131lar: Taksici g\u00f6zalt\u0131nda \u0130lkses Gazetesi<\/p>\n<p><strong>Kaynak:<\/strong> \u0130lkses Gazetesi<\/p>\n<p><a href=\"https:\/\/news.google.com\/rss\/articles\/CBMi2gFBVV95cUxNaFpxTGVOMGJfU2JlekhKeXhZX2xaaGE0OEpHX2NKZ1pTbjNqekpGRWVQNlhJMkdnWXphM25ENXI5NzhOOW5RcEY2a3VGRTk4aElnYWNWemVPbHlBdkRPWjdrTmQzZV85akZadFcwZTdhRy0tTzVkdU1VUlB1c1NCSExhTjZPNjNUb2dfN3BVNGRCSHZhLVhpblk2Ny03MHl6d2c2RFFzaUxaWTNaNl9ydDRlZXNHN0NNQ29neXMyMy1OU3dQYU1Ua0k1VDYydmNYdWtGVUxWSHlrZ9IB2gFBVV95cUxNaFpxTGVOMGJfU2JlekhKeXhZX2xaaGE0OEpHX2NKZ1pTbjNqekpGRWVQNlhJMkdnWXphM25ENXI5NzhOOW5RcEY2a3VGRTk4aElnYWNWemVPbHlBdkRPWjdrTmQzZV85akZadFcwZTdhRy0tTzVkdU1VUlB1c1NCSExhTjZPNjNUb2dfN3BVNGRCSHZhLVhpblk2Ny03MHl6d2c2RFFzaUxaWTNaNl9ydDRlZXNHN0NNQ29neXMyMy1OU3dQYU1Ua0k1VDYydmNYdWtGVUxWSHlrZw\" target=\"_blank\" rel=\"nofollow noopener\">Haberin orijinal kayna\u011f\u0131na git<\/a><\/p>\n","protected":false},"excerpt":{"rendered":"<p>Karak\u00f6y\u2019de takside b\u0131\u00e7akl\u0131 gasp skandal\u0131! M\u0131s\u0131rl\u0131 turisti yaralay\u0131p paras\u0131n\u0131 ald\u0131lar: Taksici g\u00f6zalt\u0131nda \u0130lkses Gazetesi<\/p>\n","protected":false},"author":1,"featured_media":77,"comment_status":"open","ping_status":"open","sticky":false,"template":"","format":"standard","meta":{"footnotes":""},"categories":[2],"tags":[],"class_list":["post-76","post","type-post","status-publish","format-standard","has-post-thumbnail","hentry","category-taksi-haberleri"],"_links":{"self":[{"href":"https:\/\/taksigazetesi.com\/index.php?rest_route=\/wp\/v2\/posts\/76","targetHints":{"allow":["GET"]}}],"collection":[{"href":"https:\/\/taksigazetesi.com\/index.php?rest_route=\/wp\/v2\/posts"}],"about":[{"href":"https:\/\/taksigazetesi.com\/index.php?rest_route=\/wp\/v2\/types\/post"}],"author":[{"embeddable":true,"href":"https:\/\/taksigazetesi.com\/index.php?rest_route=\/wp\/v2\/users\/1"}],"replies":[{"embeddable":true,"href":"https:\/\/taksigazetesi.com\/index.php?rest_route=%2Fwp%2Fv2%2Fcomments&post=76"}],"version-history":[{"count":0,"href":"https:\/\/taksigazetesi.com\/index.php?rest_route=\/wp\/v2\/posts\/76\/revisions"}],"wp:featuredmedia":[{"embeddable":true,"href":"https:\/\/taksigazetesi.com\/index.php?rest_route=\/wp\/v2\/media\/77"}],"wp:attachment":[{"href":"https:\/\/taksigazetesi.com\/index.php?rest_route=%2Fwp%2Fv2%2Fmedia&parent=76"}],"wp:term":[{"taxonomy":"category","embeddable":true,"href":"https:\/\/taksigazetesi.com\/index.php?rest_route=%2Fwp%2Fv2%2Fcategories&post=76"},{"taxonomy":"post_tag","embeddable":true,"href":"https:\/\/taksigazetesi.com\/index.php?rest_route=%2Fwp%2Fv2%2Ftags&post=76"}],"curies":[{"name":"wp","href":"https:\/\/api.w.org\/{rel}","templated":true}]}}