{"id":8,"date":"2026-08-31T15:48:56","date_gmt":"2026-08-31T15:48:56","guid":{"rendered":"https:\/\/taksigazetesi.com\/?p=8"},"modified":"2026-08-31T15:48:56","modified_gmt":"2026-08-31T15:48:56","slug":"taksici-esnafina-iyi-haber-arac-yas-siniri-93-oluyor","status":"publish","type":"post","link":"https:\/\/taksigazetesi.com\/?p=8","title":{"rendered":"Taksici esnaf\u0131na iyi haber: ara\u00e7 ya\u015f s\u0131n\u0131r\u0131 9+3 oluyor"},"content":{"rendered":"<p>\u0130zmir\u2019de taksici esnaf\u0131n\u0131n uzun s\u00fcredir bekledi\u011fi ara\u00e7 yenileme d\u00fczenlemesiyle ilgili \u00f6nemli bir geli\u015fme ya\u015fand\u0131. \u0130zmir Ula\u015f\u0131m Koordinasyon Merkezi (UKOME) Teknik<\/p>\n<p><strong>Kaynak:<\/strong> \u0130zmir \u015eof\u00f6rler ve Otomobilciler Esnaf Odas\u0131<\/p>\n<p><a href=\"https:\/\/izsofoda.org.tr\/taksici-esnafina-iyi-haber-arac-yas-siniri-93-oluyor\/\" target=\"_blank\" rel=\"nofollow noopener\">Haberin orijinal kayna\u011f\u0131na git<\/a><\/p>\n","protected":false},"excerpt":{"rendered":"<p>\u0130zmir\u2019de taksici esnaf\u0131n\u0131n uzun s\u00fcredir bekledi\u011fi ara\u00e7 yenileme d\u00fczenlemesiyle ilgili \u00f6nemli bir geli\u015fme ya\u015fand\u0131. \u0130zmir Ula\u015f\u0131m Koordinasyon Merkezi (UKOME) Teknik<\/p>\n","protected":false},"author":1,"featured_media":0,"comment_status":"open","ping_status":"open","sticky":false,"template":"","format":"standard","meta":{"footnotes":""},"categories":[14,3,2],"tags":[],"class_list":["post-8","post","type-post","status-publish","format-standard","hentry","category-belediye-ve-ukome","category-izmir-taksi","category-taksi-haberleri"],"_links":{"self":[{"href":"https:\/\/taksigazetesi.com\/index.php?rest_route=\/wp\/v2\/posts\/8","targetHints":{"allow":["GET"]}}],"collection":[{"href":"https:\/\/taksigazetesi.com\/index.php?rest_route=\/wp\/v2\/posts"}],"about":[{"href":"https:\/\/taksigazetesi.com\/index.php?rest_route=\/wp\/v2\/types\/post"}],"author":[{"embeddable":true,"href":"https:\/\/taksigazetesi.com\/index.php?rest_route=\/wp\/v2\/users\/1"}],"replies":[{"embeddable":true,"href":"https:\/\/taksigazetesi.com\/index.php?rest_route=%2Fwp%2Fv2%2Fcomments&post=8"}],"version-history":[{"count":0,"href":"https:\/\/taksigazetesi.com\/index.php?rest_route=\/wp\/v2\/posts\/8\/revisions"}],"wp:attachment":[{"href":"https:\/\/taksigazetesi.com\/index.php?rest_route=%2Fwp%2Fv2%2Fmedia&parent=8"}],"wp:term":[{"taxonomy":"category","embeddable":true,"href":"https:\/\/taksigazetesi.com\/index.php?rest_route=%2Fwp%2Fv2%2Fcategories&post=8"},{"taxonomy":"post_tag","embeddable":true,"href":"https:\/\/taksigazetesi.com\/index.php?rest_route=%2Fwp%2Fv2%2Ftags&post=8"}],"curies":[{"name":"wp","href":"https:\/\/api.w.org\/{rel}","templated":true}]}}