{"id":88,"date":"2026-08-31T15:56:55","date_gmt":"2026-08-31T15:56:55","guid":{"rendered":"https:\/\/taksigazetesi.com\/?p=88"},"modified":"2026-08-31T15:56:55","modified_gmt":"2026-08-31T15:56:55","slug":"taksici-korsan-avina-cikti-kendi-av-oldu-erzurumda-plan-tersine-dondu-yenicag-gazetesi-2","status":"publish","type":"post","link":"https:\/\/taksigazetesi.com\/?p=88","title":{"rendered":"Taksici korsan av\u0131na \u00e7\u0131kt\u0131, kendi av oldu: Erzurum\u2019da plan tersine d\u00f6nd\u00fc &#8211; Yeni\u00e7a\u011f Gazetesi"},"content":{"rendered":"<p>Taksici korsan av\u0131na \u00e7\u0131kt\u0131, kendi av oldu: Erzurum\u2019da plan tersine d\u00f6nd\u00fc Yeni\u00e7a\u011f Gazetesi<\/p>\n<p><strong>Kaynak:<\/strong> Yeni\u00e7a\u011f Gazetesi<\/p>\n<p><a href=\"https:\/\/news.google.com\/rss\/articles\/CBMitAFBVV95cUxPbnpIei1ad0tMODd5N2JUUEZ2RldfeWNEdENzbFVrREJBb0l4cklBWW1heG5ENkhWaU1tQlpmZ28zQlZXUGJqd25HWmJSOURSaVhEdkRjOHVOUEhTRGV1bUd3amdvaXpPM2RIbWlPT3dRdG1WZU5iSTJQQnpwN0ZETEpGUklmc1BEanNodGFkWEZnSGdaT0RmcUZYbDlBM01mWkpGQzIyMm5qOWsxQ0pUdG1vUDg\" target=\"_blank\" rel=\"nofollow noopener\">Haberin orijinal kayna\u011f\u0131na git<\/a><\/p>\n","protected":false},"excerpt":{"rendered":"<p>Taksici korsan av\u0131na \u00e7\u0131kt\u0131, kendi av oldu: Erzurum\u2019da plan tersine d\u00f6nd\u00fc Yeni\u00e7a\u011f Gazetesi<\/p>\n","protected":false},"author":1,"featured_media":89,"comment_status":"open","ping_status":"open","sticky":false,"template":"","format":"standard","meta":{"footnotes":""},"categories":[18,8,2],"tags":[],"class_list":["post-88","post","type-post","status-publish","format-standard","has-post-thumbnail","hentry","category-erzurum-taksi","category-korsan-tasimacilik","category-taksi-haberleri"],"_links":{"self":[{"href":"https:\/\/taksigazetesi.com\/index.php?rest_route=\/wp\/v2\/posts\/88","targetHints":{"allow":["GET"]}}],"collection":[{"href":"https:\/\/taksigazetesi.com\/index.php?rest_route=\/wp\/v2\/posts"}],"about":[{"href":"https:\/\/taksigazetesi.com\/index.php?rest_route=\/wp\/v2\/types\/post"}],"author":[{"embeddable":true,"href":"https:\/\/taksigazetesi.com\/index.php?rest_route=\/wp\/v2\/users\/1"}],"replies":[{"embeddable":true,"href":"https:\/\/taksigazetesi.com\/index.php?rest_route=%2Fwp%2Fv2%2Fcomments&post=88"}],"version-history":[{"count":0,"href":"https:\/\/taksigazetesi.com\/index.php?rest_route=\/wp\/v2\/posts\/88\/revisions"}],"wp:featuredmedia":[{"embeddable":true,"href":"https:\/\/taksigazetesi.com\/index.php?rest_route=\/wp\/v2\/media\/89"}],"wp:attachment":[{"href":"https:\/\/taksigazetesi.com\/index.php?rest_route=%2Fwp%2Fv2%2Fmedia&parent=88"}],"wp:term":[{"taxonomy":"category","embeddable":true,"href":"https:\/\/taksigazetesi.com\/index.php?rest_route=%2Fwp%2Fv2%2Fcategories&post=88"},{"taxonomy":"post_tag","embeddable":true,"href":"https:\/\/taksigazetesi.com\/index.php?rest_route=%2Fwp%2Fv2%2Ftags&post=88"}],"curies":[{"name":"wp","href":"https:\/\/api.w.org\/{rel}","templated":true}]}}