{"id":9,"date":"2026-08-31T15:48:56","date_gmt":"2026-08-31T15:48:56","guid":{"rendered":"https:\/\/taksigazetesi.com\/?p=9"},"modified":"2026-08-31T15:48:56","modified_gmt":"2026-08-31T15:48:56","slug":"esnafimizin-sirtina-yeni-bir-yuk-daha-eklenmemeli","status":"publish","type":"post","link":"https:\/\/taksigazetesi.com\/?p=9","title":{"rendered":"Esnaf\u0131m\u0131z\u0131n S\u0131rt\u0131na Yeni Bir Y\u00fck Daha Eklenmemeli"},"content":{"rendered":"<p> \u0130zmir \u015eof\u00f6rler ve Otomobilciler Esnaf Odas\u0131 Ba\u015fkan\u0131 Erkan \u00d6zkan, taksi ara\u00e7lar\u0131na yeni nesil yazar kasa \u2013 elektronik \u00f6deme kaydedici<\/p>\n<p><strong>Kaynak:<\/strong> \u0130zmir \u015eof\u00f6rler ve Otomobilciler Esnaf Odas\u0131<\/p>\n<p><a href=\"https:\/\/izsofoda.org.tr\/esnafimizin-sirtina-yeni-bir-yuk-daha-eklenmemeli\/\" target=\"_blank\" rel=\"nofollow noopener\">Haberin orijinal kayna\u011f\u0131na git<\/a><\/p>\n","protected":false},"excerpt":{"rendered":"<p> \u0130zmir \u015eof\u00f6rler ve Otomobilciler Esnaf Odas\u0131 Ba\u015fkan\u0131 Erkan \u00d6zkan, taksi ara\u00e7lar\u0131na yeni nesil yazar kasa \u2013 elektronik \u00f6deme kaydedici<\/p>\n","protected":false},"author":1,"featured_media":0,"comment_status":"open","ping_status":"open","sticky":false,"template":"","format":"standard","meta":{"footnotes":""},"categories":[10,3,2],"tags":[],"class_list":["post-9","post","type-post","status-publish","format-standard","hentry","category-esnaf-odalari","category-izmir-taksi","category-taksi-haberleri"],"_links":{"self":[{"href":"https:\/\/taksigazetesi.com\/index.php?rest_route=\/wp\/v2\/posts\/9","targetHints":{"allow":["GET"]}}],"collection":[{"href":"https:\/\/taksigazetesi.com\/index.php?rest_route=\/wp\/v2\/posts"}],"about":[{"href":"https:\/\/taksigazetesi.com\/index.php?rest_route=\/wp\/v2\/types\/post"}],"author":[{"embeddable":true,"href":"https:\/\/taksigazetesi.com\/index.php?rest_route=\/wp\/v2\/users\/1"}],"replies":[{"embeddable":true,"href":"https:\/\/taksigazetesi.com\/index.php?rest_route=%2Fwp%2Fv2%2Fcomments&post=9"}],"version-history":[{"count":0,"href":"https:\/\/taksigazetesi.com\/index.php?rest_route=\/wp\/v2\/posts\/9\/revisions"}],"wp:attachment":[{"href":"https:\/\/taksigazetesi.com\/index.php?rest_route=%2Fwp%2Fv2%2Fmedia&parent=9"}],"wp:term":[{"taxonomy":"category","embeddable":true,"href":"https:\/\/taksigazetesi.com\/index.php?rest_route=%2Fwp%2Fv2%2Fcategories&post=9"},{"taxonomy":"post_tag","embeddable":true,"href":"https:\/\/taksigazetesi.com\/index.php?rest_route=%2Fwp%2Fv2%2Ftags&post=9"}],"curies":[{"name":"wp","href":"https:\/\/api.w.org\/{rel}","templated":true}]}}