{"id":92,"date":"2026-08-31T15:56:58","date_gmt":"2026-08-31T15:56:58","guid":{"rendered":"https:\/\/taksigazetesi.com\/?p=92"},"modified":"2026-08-31T15:56:58","modified_gmt":"2026-08-31T15:56:58","slug":"karakoyde-dehsete-dusuren-olay-kanadali-turiste-takside-bicakli-gasp-star-gazetesi-2","status":"publish","type":"post","link":"https:\/\/taksigazetesi.com\/?p=92","title":{"rendered":"\ufeffKarak\u00f6y&#8217;de deh\u015fete d\u00fc\u015f\u00fcren olay! Kanadal\u0131 turiste takside b\u0131\u00e7akl\u0131 gasp &#8211; Star Gazetesi"},"content":{"rendered":"<p>\ufeffKarak\u00f6y&#039;de deh\u015fete d\u00fc\u015f\u00fcren olay! Kanadal\u0131 turiste takside b\u0131\u00e7akl\u0131 gasp Star Gazetesi<\/p>\n<p><strong>Kaynak:<\/strong> Star Gazetesi<\/p>\n<p><a href=\"https:\/\/news.google.com\/rss\/articles\/CBMitgFBVV95cUxQemp0aGptM2M4N0xuWWRqV0pZMC1Xa2lENzFNOUZlYnVSWHBseUNna01WZGRLa1ZXSkdLcXlFa3pXeFZtTlVhNDZlaDBPS1lPbjBWR1JsSURLVXFCWGNWUkJjMGM1Y0ZFaThtUXpxNjhVWWR0TTJNc29RYlJjS09FWVlIQU5nTnlzeVJxbUU0ZXpldEtfOXRncUhQS2lmbGhxMVpiaHB3ODZQTzhfakpvcktRZDB5d9IBtgFBVV95cUxQemp0aGptM2M4N0xuWWRqV0pZMC1Xa2lENzFNOUZlYnVSWHBseUNna01WZGRLa1ZXSkdLcXlFa3pXeFZtTlVhNDZlaDBPS1lPbjBWR1JsSURLVXFCWGNWUkJjMGM1Y0ZFaThtUXpxNjhVWWR0TTJNc29RYlJjS09FWVlIQU5nTnlzeVJxbUU0ZXpldEtfOXRncUhQS2lmbGhxMVpiaHB3ODZQTzhfakpvcktRZDB5dw\" target=\"_blank\" rel=\"nofollow noopener\">Haberin orijinal kayna\u011f\u0131na git<\/a><\/p>\n","protected":false},"excerpt":{"rendered":"<p>\ufeffKarak\u00f6y&#8217;de deh\u015fete d\u00fc\u015f\u00fcren olay! Kanadal\u0131 turiste takside b\u0131\u00e7akl\u0131 gasp Star Gazetesi<\/p>\n","protected":false},"author":1,"featured_media":93,"comment_status":"open","ping_status":"open","sticky":false,"template":"","format":"standard","meta":{"footnotes":""},"categories":[2],"tags":[],"class_list":["post-92","post","type-post","status-publish","format-standard","has-post-thumbnail","hentry","category-taksi-haberleri"],"_links":{"self":[{"href":"https:\/\/taksigazetesi.com\/index.php?rest_route=\/wp\/v2\/posts\/92","targetHints":{"allow":["GET"]}}],"collection":[{"href":"https:\/\/taksigazetesi.com\/index.php?rest_route=\/wp\/v2\/posts"}],"about":[{"href":"https:\/\/taksigazetesi.com\/index.php?rest_route=\/wp\/v2\/types\/post"}],"author":[{"embeddable":true,"href":"https:\/\/taksigazetesi.com\/index.php?rest_route=\/wp\/v2\/users\/1"}],"replies":[{"embeddable":true,"href":"https:\/\/taksigazetesi.com\/index.php?rest_route=%2Fwp%2Fv2%2Fcomments&post=92"}],"version-history":[{"count":0,"href":"https:\/\/taksigazetesi.com\/index.php?rest_route=\/wp\/v2\/posts\/92\/revisions"}],"wp:featuredmedia":[{"embeddable":true,"href":"https:\/\/taksigazetesi.com\/index.php?rest_route=\/wp\/v2\/media\/93"}],"wp:attachment":[{"href":"https:\/\/taksigazetesi.com\/index.php?rest_route=%2Fwp%2Fv2%2Fmedia&parent=92"}],"wp:term":[{"taxonomy":"category","embeddable":true,"href":"https:\/\/taksigazetesi.com\/index.php?rest_route=%2Fwp%2Fv2%2Fcategories&post=92"},{"taxonomy":"post_tag","embeddable":true,"href":"https:\/\/taksigazetesi.com\/index.php?rest_route=%2Fwp%2Fv2%2Ftags&post=92"}],"curies":[{"name":"wp","href":"https:\/\/api.w.org\/{rel}","templated":true}]}}